{"id":678,"date":"2023-07-11T12:37:52","date_gmt":"2023-07-11T10:37:52","guid":{"rendered":"https:\/\/padulasacra.it\/it\/?p=678"},"modified":"2023-07-11T12:39:54","modified_gmt":"2023-07-11T10:39:54","slug":"s-benedetto-patrono-deuropa-11-luglio","status":"publish","type":"post","link":"https:\/\/padulasacra.it\/it\/678-s-benedetto-patrono-deuropa-11-luglio\/","title":{"rendered":"S. Benedetto patrono d&#8217;Europa"},"content":{"rendered":"<p>Oggi 11 luglio si celebra <strong>S. Benedetto patrono d&#8217;Europa<\/strong> fondatore dell&#8217;ordine benedettino e custode per molti secoli del nostro <a href=\"https:\/\/padulasacra.it\/it\/luoghi\/eremo-di-san-michele-alle-grottelle\/\"><strong>Eremo di San Michele alle Grottelle<\/strong><\/a>.<\/p>\n<p>La figura di San Benedetto, infatti, compare nel terzo ciclo di affreschi che troviamo nella seconda grotta del santuario rupestre. Partendo da sinistra viene raffigurata Santa Caterina d\u2019Alessandria martire con un ciclo di scene della sua vita.<\/p>\n<p>Di questo terzo ciclo rimane intatta la figura di San Benedetto, e una Madonna con Bambino portata da Angeli, di forma rotonda, che lascia intravedere un profondo legame con quelle orientali di matrice greca. Tra i brandelli di affreschi \u00e8 possibile individuare la figura di un Santo con un cielo stellato sullo sfondo e con parti di un Crocifisso.<\/p>\n<p><img loading=\"lazy\" decoding=\"async\" class=\"alignnone size-large wp-image-679\" src=\"https:\/\/padulasacra.it\/wp-content\/uploads\/2023\/07\/Silentium_74-683x1024.jpg\" alt=\"\" width=\"683\" height=\"1024\" srcset=\"https:\/\/padulasacra.it\/wp-content\/uploads\/2023\/07\/Silentium_74-683x1024.jpg 683w, https:\/\/padulasacra.it\/wp-content\/uploads\/2023\/07\/Silentium_74-300x450.jpg 300w, https:\/\/padulasacra.it\/wp-content\/uploads\/2023\/07\/Silentium_74-768x1152.jpg 768w, https:\/\/padulasacra.it\/wp-content\/uploads\/2023\/07\/Silentium_74-1024x1536.jpg 1024w, https:\/\/padulasacra.it\/wp-content\/uploads\/2023\/07\/Silentium_74.jpg 1200w\" sizes=\"(max-width: 683px) 100vw, 683px\" \/><\/p>\n<p>L\u2019insegnamento di San Benedetto, nato a Norcia intorno al 480 d. C., \u00e8 una delle pi\u00f9 potenti leve, dopo il declino della civilt\u00e0 romana, per la <strong>nascita della cultura europea<\/strong>. \u00c8 la premessa per la diffusione di centri di preghiera e di ospitalit\u00e0.<\/p>\n<p>Per San Gregorio \u00e8 \u201cun astro luminoso\u201d in un\u2019epoca segnata da una grave crisi di valori. A San Benedetto sono stati attribuiti molti miracoli ma il miracolo pi\u00f9 duraturo del padre dell\u2019ordine benedettino \u00e8 la composizione della <strong>Regola<\/strong>, scritta intorno al 530 d.C. \u00c8 un manuale, un codice di preghiera per la vita monastica. Lo stile, sin dalle prime parole, \u00e8 familiare: Benedetto esorta i monaci a tendere \u201cl\u2019orecchio del cuore\u201d, a \u201cnon disperare mai della misericordia di Dio\u201d: \u201cAscolta, o figlio, gli insegnamenti del maestro, e tendi l\u2019orecchio del tuo cuore; accogli di buon animo i consigli di un padre che ti vuole bene per ritornare con la fatica dell\u2019obbedienza a Colui dal quale ti eri allontanato per l\u2019accidia della disobbedienza\u201d.<\/p>\n<p><strong>Preghiera e lavoro<\/strong><br \/>\n\u201cL\u2019ozio \u2013 scrive San Benedetto nella Regola \u2013 \u00e8 nemico dell\u2019anima; \u00e8 per questo che i fratelli devono, in determinate ore, dedicarsi al lavoro manuale, in altre invece, alla lettura dei libri contenenti la parola di Dio\u201d. Preghiera e lavoro non sono in contrapposizione ma stabiliscono un rapporto simbiotico. Senza preghiera, non \u00e8 possibile l\u2019incontro con Dio. Ma la vita monastica, definita da Benedetto \u201cuna scuola del servizio del Signore\u201d, non pu\u00f2 prescindere dall\u2019impegno concreto. <strong>Il lavoro \u00e8 un\u2019estensione della preghiera<\/strong>. \u201cIl Signore \u2013 ci ricorda San Benedetto &#8211; attende che noi rispondiamo ogni giorno coi fatti ai suoi santi insegnamenti\u201d.<\/p>","protected":false},"excerpt":{"rendered":"<p>Oggi 11 luglio si celebra S. Benedetto patrono d&#8217;Europa fondatore dell&#8217;ordine benedettino e custode per molti secoli del nostro Eremo di San Michele alle Grottelle. La figura di San Benedetto, infatti, compare nel terzo ciclo di affreschi che troviamo nella seconda grotta del santuario rupestre. Partendo da sinistra viene raffigurata Santa Caterina d\u2019Alessandria martire con [&hellip;]<\/p>\n","protected":false},"author":1,"featured_media":681,"comment_status":"closed","ping_status":"closed","sticky":false,"template":"","format":"standard","meta":{"_acf_changed":false,"footnotes":""},"categories":[1],"tags":[],"acf":[],"yoast_head":"<!-- This site is optimized with the Yoast SEO plugin v23.5 - https:\/\/yoast.com\/wordpress\/plugins\/seo\/ -->\n<title>S. Benedetto patrono d&#039;Europa - Padula Sacra<\/title>\n<meta name=\"description\" content=\"Oggi 11 luglio si celebra S. Benedetto patrono d&#039;Europa, custode per molti secoli del nostro Eremo di San Michele alle Grottelle\" \/>\n<meta name=\"robots\" content=\"index, follow, max-snippet:-1, max-image-preview:large, max-video-preview:-1\" \/>\n<link rel=\"canonical\" href=\"https:\/\/padulasacra.it\/it\/678-s-benedetto-patrono-deuropa-11-luglio\/\" \/>\n<meta property=\"og:locale\" content=\"it_IT\" \/>\n<meta property=\"og:type\" content=\"article\" \/>\n<meta property=\"og:title\" content=\"S. Benedetto patrono d&#039;Europa - Padula Sacra\" \/>\n<meta property=\"og:description\" content=\"Oggi 11 luglio si celebra S. Benedetto patrono d&#039;Europa, custode per molti secoli del nostro Eremo di San Michele alle Grottelle\" \/>\n<meta property=\"og:url\" content=\"https:\/\/padulasacra.it\/it\/678-s-benedetto-patrono-deuropa-11-luglio\/\" \/>\n<meta property=\"og:site_name\" content=\"Padula Sacra\" \/>\n<meta property=\"article:published_time\" content=\"2023-07-11T10:37:52+00:00\" \/>\n<meta property=\"article:modified_time\" content=\"2023-07-11T10:39:54+00:00\" \/>\n<meta property=\"og:image\" content=\"https:\/\/padulasacra.it\/wp-content\/uploads\/2023\/07\/sanbenedetto_eremogrottelle.jpg\" \/>\n\t<meta property=\"og:image:width\" content=\"801\" \/>\n\t<meta property=\"og:image:height\" content=\"802\" \/>\n\t<meta property=\"og:image:type\" content=\"image\/jpeg\" \/>\n<meta name=\"author\" content=\"padulasacra\" \/>\n<meta name=\"twitter:card\" content=\"summary_large_image\" \/>\n<meta name=\"twitter:label1\" content=\"Scritto da\" \/>\n\t<meta name=\"twitter:data1\" content=\"padulasacra\" \/>\n\t<meta name=\"twitter:label2\" content=\"Tempo di lettura stimato\" \/>\n\t<meta name=\"twitter:data2\" content=\"3 minuti\" \/>\n<script type=\"application\/ld+json\" class=\"yoast-schema-graph\">{\"@context\":\"https:\/\/schema.org\",\"@graph\":[{\"@type\":\"WebPage\",\"@id\":\"https:\/\/padulasacra.it\/it\/678-s-benedetto-patrono-deuropa-11-luglio\/\",\"url\":\"https:\/\/padulasacra.it\/it\/678-s-benedetto-patrono-deuropa-11-luglio\/\",\"name\":\"S. Benedetto patrono d'Europa - Padula Sacra\",\"isPartOf\":{\"@id\":\"https:\/\/padulasacra.it\/it\/#website\"},\"primaryImageOfPage\":{\"@id\":\"https:\/\/padulasacra.it\/it\/678-s-benedetto-patrono-deuropa-11-luglio\/#primaryimage\"},\"image\":{\"@id\":\"https:\/\/padulasacra.it\/it\/678-s-benedetto-patrono-deuropa-11-luglio\/#primaryimage\"},\"thumbnailUrl\":\"https:\/\/padulasacra.it\/wp-content\/uploads\/2023\/07\/sanbenedetto_eremogrottelle.jpg\",\"datePublished\":\"2023-07-11T10:37:52+00:00\",\"dateModified\":\"2023-07-11T10:39:54+00:00\",\"author\":{\"@id\":\"https:\/\/padulasacra.it\/it\/#\/schema\/person\/dbbe8cb7c9c730160ad394db02eda93e\"},\"description\":\"Oggi 11 luglio si celebra S. Benedetto patrono d'Europa, custode per molti secoli del nostro Eremo di San Michele alle Grottelle\",\"breadcrumb\":{\"@id\":\"https:\/\/padulasacra.it\/it\/678-s-benedetto-patrono-deuropa-11-luglio\/#breadcrumb\"},\"inLanguage\":\"it-IT\",\"potentialAction\":[{\"@type\":\"ReadAction\",\"target\":[[\"https:\/\/padulasacra.it\/it\/678-s-benedetto-patrono-deuropa-11-luglio\/\"]]}]},{\"@type\":\"ImageObject\",\"inLanguage\":\"it-IT\",\"@id\":\"https:\/\/padulasacra.it\/it\/678-s-benedetto-patrono-deuropa-11-luglio\/#primaryimage\",\"url\":\"https:\/\/padulasacra.it\/wp-content\/uploads\/2023\/07\/sanbenedetto_eremogrottelle.jpg\",\"contentUrl\":\"https:\/\/padulasacra.it\/wp-content\/uploads\/2023\/07\/sanbenedetto_eremogrottelle.jpg\",\"width\":801,\"height\":802},{\"@type\":\"BreadcrumbList\",\"@id\":\"https:\/\/padulasacra.it\/it\/678-s-benedetto-patrono-deuropa-11-luglio\/#breadcrumb\",\"itemListElement\":[{\"@type\":\"ListItem\",\"position\":1,\"name\":\"Home\",\"item\":\"https:\/\/padulasacra.it\/it\/\"},{\"@type\":\"ListItem\",\"position\":2,\"name\":\"S. Benedetto patrono d&#8217;Europa\"}]},{\"@type\":\"WebSite\",\"@id\":\"https:\/\/padulasacra.it\/it\/#website\",\"url\":\"https:\/\/padulasacra.it\/it\/\",\"name\":\"Padula Sacra\",\"description\":\"Le risorse ecclesiali di Padula, Salerno\",\"potentialAction\":[{\"@type\":\"SearchAction\",\"target\":{\"@type\":\"EntryPoint\",\"urlTemplate\":\"https:\/\/padulasacra.it\/it\/?s={search_term_string}\"},\"query-input\":{\"@type\":\"PropertyValueSpecification\",\"valueRequired\":true,\"valueName\":\"search_term_string\"}}],\"inLanguage\":\"it-IT\"},{\"@type\":\"Person\",\"@id\":\"https:\/\/padulasacra.it\/it\/#\/schema\/person\/dbbe8cb7c9c730160ad394db02eda93e\",\"name\":\"padulasacra\",\"image\":{\"@type\":\"ImageObject\",\"inLanguage\":\"it-IT\",\"@id\":\"https:\/\/padulasacra.it\/it\/#\/schema\/person\/image\/\",\"url\":\"https:\/\/secure.gravatar.com\/avatar\/860f8db4c42a12e074c73ef8b55216ea?s=96&d=mm&r=g\",\"contentUrl\":\"https:\/\/secure.gravatar.com\/avatar\/860f8db4c42a12e074c73ef8b55216ea?s=96&d=mm&r=g\",\"caption\":\"padulasacra\"},\"sameAs\":[\"https:\/\/padulasacra.insightcomunicazione.it\"],\"url\":\"https:\/\/padulasacra.it\/it\/author\/padulasacra\/\"}]}<\/script>\n<!-- \/ Yoast SEO plugin. -->","yoast_head_json":{"title":"S. Benedetto patrono d'Europa - Padula Sacra","description":"Oggi 11 luglio si celebra S. Benedetto patrono d'Europa, custode per molti secoli del nostro Eremo di San Michele alle Grottelle","robots":{"index":"index","follow":"follow","max-snippet":"max-snippet:-1","max-image-preview":"max-image-preview:large","max-video-preview":"max-video-preview:-1"},"canonical":"https:\/\/padulasacra.it\/it\/678-s-benedetto-patrono-deuropa-11-luglio\/","og_locale":"it_IT","og_type":"article","og_title":"S. Benedetto patrono d'Europa - Padula Sacra","og_description":"Oggi 11 luglio si celebra S. Benedetto patrono d'Europa, custode per molti secoli del nostro Eremo di San Michele alle Grottelle","og_url":"https:\/\/padulasacra.it\/it\/678-s-benedetto-patrono-deuropa-11-luglio\/","og_site_name":"Padula Sacra","article_published_time":"2023-07-11T10:37:52+00:00","article_modified_time":"2023-07-11T10:39:54+00:00","og_image":[{"width":801,"height":802,"url":"https:\/\/padulasacra.it\/wp-content\/uploads\/2023\/07\/sanbenedetto_eremogrottelle.jpg","type":"image\/jpeg"}],"author":"padulasacra","twitter_card":"summary_large_image","twitter_misc":{"Scritto da":"padulasacra","Tempo di lettura stimato":"3 minuti"},"schema":{"@context":"https:\/\/schema.org","@graph":[{"@type":"WebPage","@id":"https:\/\/padulasacra.it\/it\/678-s-benedetto-patrono-deuropa-11-luglio\/","url":"https:\/\/padulasacra.it\/it\/678-s-benedetto-patrono-deuropa-11-luglio\/","name":"S. Benedetto patrono d'Europa - Padula Sacra","isPartOf":{"@id":"https:\/\/padulasacra.it\/it\/#website"},"primaryImageOfPage":{"@id":"https:\/\/padulasacra.it\/it\/678-s-benedetto-patrono-deuropa-11-luglio\/#primaryimage"},"image":{"@id":"https:\/\/padulasacra.it\/it\/678-s-benedetto-patrono-deuropa-11-luglio\/#primaryimage"},"thumbnailUrl":"https:\/\/padulasacra.it\/wp-content\/uploads\/2023\/07\/sanbenedetto_eremogrottelle.jpg","datePublished":"2023-07-11T10:37:52+00:00","dateModified":"2023-07-11T10:39:54+00:00","author":{"@id":"https:\/\/padulasacra.it\/it\/#\/schema\/person\/dbbe8cb7c9c730160ad394db02eda93e"},"description":"Oggi 11 luglio si celebra S. Benedetto patrono d'Europa, custode per molti secoli del nostro Eremo di San Michele alle Grottelle","breadcrumb":{"@id":"https:\/\/padulasacra.it\/it\/678-s-benedetto-patrono-deuropa-11-luglio\/#breadcrumb"},"inLanguage":"it-IT","potentialAction":[{"@type":"ReadAction","target":[["https:\/\/padulasacra.it\/it\/678-s-benedetto-patrono-deuropa-11-luglio\/"]]}]},{"@type":"ImageObject","inLanguage":"it-IT","@id":"https:\/\/padulasacra.it\/it\/678-s-benedetto-patrono-deuropa-11-luglio\/#primaryimage","url":"https:\/\/padulasacra.it\/wp-content\/uploads\/2023\/07\/sanbenedetto_eremogrottelle.jpg","contentUrl":"https:\/\/padulasacra.it\/wp-content\/uploads\/2023\/07\/sanbenedetto_eremogrottelle.jpg","width":801,"height":802},{"@type":"BreadcrumbList","@id":"https:\/\/padulasacra.it\/it\/678-s-benedetto-patrono-deuropa-11-luglio\/#breadcrumb","itemListElement":[{"@type":"ListItem","position":1,"name":"Home","item":"https:\/\/padulasacra.it\/it\/"},{"@type":"ListItem","position":2,"name":"S. Benedetto patrono d&#8217;Europa"}]},{"@type":"WebSite","@id":"https:\/\/padulasacra.it\/it\/#website","url":"https:\/\/padulasacra.it\/it\/","name":"Padula Sacra","description":"Le risorse ecclesiali di Padula, Salerno","potentialAction":[{"@type":"SearchAction","target":{"@type":"EntryPoint","urlTemplate":"https:\/\/padulasacra.it\/it\/?s={search_term_string}"},"query-input":{"@type":"PropertyValueSpecification","valueRequired":true,"valueName":"search_term_string"}}],"inLanguage":"it-IT"},{"@type":"Person","@id":"https:\/\/padulasacra.it\/it\/#\/schema\/person\/dbbe8cb7c9c730160ad394db02eda93e","name":"padulasacra","image":{"@type":"ImageObject","inLanguage":"it-IT","@id":"https:\/\/padulasacra.it\/it\/#\/schema\/person\/image\/","url":"https:\/\/secure.gravatar.com\/avatar\/860f8db4c42a12e074c73ef8b55216ea?s=96&d=mm&r=g","contentUrl":"https:\/\/secure.gravatar.com\/avatar\/860f8db4c42a12e074c73ef8b55216ea?s=96&d=mm&r=g","caption":"padulasacra"},"sameAs":["https:\/\/padulasacra.insightcomunicazione.it"],"url":"https:\/\/padulasacra.it\/it\/author\/padulasacra\/"}]}},"_links":{"self":[{"href":"https:\/\/padulasacra.it\/it\/wp-json\/wp\/v2\/posts\/678"}],"collection":[{"href":"https:\/\/padulasacra.it\/it\/wp-json\/wp\/v2\/posts"}],"about":[{"href":"https:\/\/padulasacra.it\/it\/wp-json\/wp\/v2\/types\/post"}],"author":[{"embeddable":true,"href":"https:\/\/padulasacra.it\/it\/wp-json\/wp\/v2\/users\/1"}],"replies":[{"embeddable":true,"href":"https:\/\/padulasacra.it\/it\/wp-json\/wp\/v2\/comments?post=678"}],"version-history":[{"count":5,"href":"https:\/\/padulasacra.it\/it\/wp-json\/wp\/v2\/posts\/678\/revisions"}],"predecessor-version":[{"id":685,"href":"https:\/\/padulasacra.it\/it\/wp-json\/wp\/v2\/posts\/678\/revisions\/685"}],"wp:featuredmedia":[{"embeddable":true,"href":"https:\/\/padulasacra.it\/it\/wp-json\/wp\/v2\/media\/681"}],"wp:attachment":[{"href":"https:\/\/padulasacra.it\/it\/wp-json\/wp\/v2\/media?parent=678"}],"wp:term":[{"taxonomy":"category","embeddable":true,"href":"https:\/\/padulasacra.it\/it\/wp-json\/wp\/v2\/categories?post=678"},{"taxonomy":"post_tag","embeddable":true,"href":"https:\/\/padulasacra.it\/it\/wp-json\/wp\/v2\/tags?post=678"}],"curies":[{"name":"wp","href":"https:\/\/api.w.org\/{rel}","templated":true}]}}