{"id":1559,"date":"2025-12-10T18:58:28","date_gmt":"2025-12-10T17:58:28","guid":{"rendered":"https:\/\/padulasacra.it\/it\/?p=1559"},"modified":"2025-12-10T18:58:28","modified_gmt":"2025-12-10T17:58:28","slug":"prima-edizione-di-anima-meeting-del-turismo-religioso","status":"publish","type":"post","link":"https:\/\/padulasacra.it\/it\/1559-prima-edizione-di-anima-meeting-del-turismo-religioso\/","title":{"rendered":"Prima edizione di ANIMA &#8211; Meeting del Turismo Religioso"},"content":{"rendered":"<p>La <strong><a href=\"https:\/\/padulasacra.it\/it\/luoghi\/certosa-di-san-lorenzo\/\">Certosa di San Lorenzo a Padula<\/a><\/strong>, patrimonio UNESCO nel cuore del Vallo di Diano, ha ospitato nei giorni 6 e 7 dicembre la prima edizione di ANIMA \u2013 Meeting del Turismo Religioso. L&#8217;iniziativa, promossa dalla Provincia di Salerno con il sostegno della Regione Campania e Scabec, si inserisce nel contesto del Giubileo 2025 &#8220;Pellegrini di Speranza&#8221; e rappresenta un progetto innovativo per la valorizzazione del patrimonio spirituale e culturale del territorio salernitano.<\/p>\n<h2>Un cammino tra fede, cultura e comunit\u00e0<\/h2>\n<p>L&#8217;evento ha coinvolto sei Diocesi della provincia, istituzioni pubbliche, operatori turistici, associazioni e cittadini. Al centro dell&#8217;iniziativa la volont\u00e0 di costruire una visione condivisa del turismo religioso come esperienza profonda e partecipata, capace di generare relazioni autentiche tra i territori.<\/p>\n<p>La manifestazione ha espolarato concetti chiave come contemplazione, bellezza e comunit\u00e0. Gli spazi della Certosa si sono trasformati in luoghi di incontro dove la dimensione spirituale si \u00e8 fusa con quella culturale e sociale, dando vita a un dialogo fruttuoso tra tutti gli attori del territorio.<\/p>\n<p><img loading=\"lazy\" decoding=\"async\" class=\"alignnone size-large wp-image-1562\" src=\"https:\/\/padulasacra.it\/wp-content\/uploads\/2025\/12\/WhatsApp-Image-2025-12-10-at-12.51.36-1024x768.jpeg\" alt=\"\" width=\"1024\" height=\"768\" srcset=\"https:\/\/padulasacra.it\/wp-content\/uploads\/2025\/12\/WhatsApp-Image-2025-12-10-at-12.51.36-1024x768.jpeg 1024w, https:\/\/padulasacra.it\/wp-content\/uploads\/2025\/12\/WhatsApp-Image-2025-12-10-at-12.51.36-450x338.jpeg 450w, https:\/\/padulasacra.it\/wp-content\/uploads\/2025\/12\/WhatsApp-Image-2025-12-10-at-12.51.36-768x576.jpeg 768w, https:\/\/padulasacra.it\/wp-content\/uploads\/2025\/12\/WhatsApp-Image-2025-12-10-at-12.51.36-1536x1152.jpeg 1536w, https:\/\/padulasacra.it\/wp-content\/uploads\/2025\/12\/WhatsApp-Image-2025-12-10-at-12.51.36-600x450.jpeg 600w, https:\/\/padulasacra.it\/wp-content\/uploads\/2025\/12\/WhatsApp-Image-2025-12-10-at-12.51.36.jpeg 1600w\" sizes=\"(max-width: 1024px) 100vw, 1024px\" \/><\/p>\n<p>&nbsp;<\/p>\n<h2>Tradizioni e devozione popolare<\/h2>\n<p>Il programma ha dedicato particolare attenzione alla piet\u00e0 popolare e alle tradizioni locali attraverso dieci conferenze che hanno esplorato il valore della devozione come espressione identitaria delle comunit\u00e0. Le Diocesi, custodi di memoria, fede e accoglienza, hanno avuto un ruolo centrale nell&#8217;evento, dimostrando come i luoghi sacri continuino a essere punti di riferimento per la coesione sociale.<\/p>\n<p>Tra le partecipazioni pi\u00f9 sentite, la nostra Diocesi di Teggiano-Policastro ha presentato <strong>Marcellianum &#8211; il Cammino della Lucania Occidentale<\/strong> &#8211; un cammino che unisce antichi percorsi di collina e di montagna costituiti da 18 itinerari ad anello localizzati nelle varie localita\u0300 e frazioni della zona appunto del Marcellianum, un antico latifondo agricolo nel territorio della citta romana di Cosilinum. Il cammino offre vedute suggestive sul Vallo di Diano, e consente di conoscere il patrimonio culturale ecclesiale distribuito sul territorio, a partire dal <strong><a href=\"https:\/\/padulasacra.it\/it\/luoghi\/battistero-paleocristiano-di-san-giovanni-in-fonte\/\">Battistero paleocristiano di San Giovanni in Fonte<\/a><\/strong>.<\/p>\n<p>Grande rilievo \u00e8 stato dato anche ai cammini e al turismo lento, con workshop dedicati alla sostenibilit\u00e0, al turismo delle radici e alle reti territoriali. \u00c8 emerso con chiarezza come il turismo religioso possa diventare uno strumento concreto per valorizzare borghi, aree interne e paesaggi spirituali meno conosciuti, creando nuove opportunit\u00e0 economiche nel rispetto delle identit\u00e0 locali.<\/p>\n<p><img loading=\"lazy\" decoding=\"async\" class=\"alignnone size-large wp-image-1566\" src=\"https:\/\/padulasacra.it\/wp-content\/uploads\/2025\/12\/WhatsApp-Image-2025-12-10-at-16.35.12-1024x768.jpeg\" alt=\"\" width=\"1024\" height=\"768\" srcset=\"https:\/\/padulasacra.it\/wp-content\/uploads\/2025\/12\/WhatsApp-Image-2025-12-10-at-16.35.12-1024x768.jpeg 1024w, https:\/\/padulasacra.it\/wp-content\/uploads\/2025\/12\/WhatsApp-Image-2025-12-10-at-16.35.12-450x338.jpeg 450w, https:\/\/padulasacra.it\/wp-content\/uploads\/2025\/12\/WhatsApp-Image-2025-12-10-at-16.35.12-768x576.jpeg 768w, https:\/\/padulasacra.it\/wp-content\/uploads\/2025\/12\/WhatsApp-Image-2025-12-10-at-16.35.12-1536x1152.jpeg 1536w, https:\/\/padulasacra.it\/wp-content\/uploads\/2025\/12\/WhatsApp-Image-2025-12-10-at-16.35.12-600x450.jpeg 600w, https:\/\/padulasacra.it\/wp-content\/uploads\/2025\/12\/WhatsApp-Image-2025-12-10-at-16.35.12.jpeg 1600w\" sizes=\"(max-width: 1024px) 100vw, 1024px\" \/><\/p>\n<p><img loading=\"lazy\" decoding=\"async\" class=\"alignnone size-large wp-image-1565\" src=\"https:\/\/padulasacra.it\/wp-content\/uploads\/2025\/12\/WhatsApp-Image-2025-12-10-at-12.51.37-1024x576.jpeg\" alt=\"\" width=\"1024\" height=\"576\" srcset=\"https:\/\/padulasacra.it\/wp-content\/uploads\/2025\/12\/WhatsApp-Image-2025-12-10-at-12.51.37-1024x576.jpeg 1024w, https:\/\/padulasacra.it\/wp-content\/uploads\/2025\/12\/WhatsApp-Image-2025-12-10-at-12.51.37-450x253.jpeg 450w, https:\/\/padulasacra.it\/wp-content\/uploads\/2025\/12\/WhatsApp-Image-2025-12-10-at-12.51.37-768x432.jpeg 768w, https:\/\/padulasacra.it\/wp-content\/uploads\/2025\/12\/WhatsApp-Image-2025-12-10-at-12.51.37-1536x864.jpeg 1536w, https:\/\/padulasacra.it\/wp-content\/uploads\/2025\/12\/WhatsApp-Image-2025-12-10-at-12.51.37-600x338.jpeg 600w, https:\/\/padulasacra.it\/wp-content\/uploads\/2025\/12\/WhatsApp-Image-2025-12-10-at-12.51.37.jpeg 1600w\" sizes=\"(max-width: 1024px) 100vw, 1024px\" \/><\/p>\n<p><img loading=\"lazy\" decoding=\"async\" class=\"alignnone size-large wp-image-1564\" src=\"https:\/\/padulasacra.it\/wp-content\/uploads\/2025\/12\/WhatsApp-Image-2025-12-10-at-12.51.37-2-1024x768.jpeg\" alt=\"\" width=\"1024\" height=\"768\" srcset=\"https:\/\/padulasacra.it\/wp-content\/uploads\/2025\/12\/WhatsApp-Image-2025-12-10-at-12.51.37-2-1024x768.jpeg 1024w, https:\/\/padulasacra.it\/wp-content\/uploads\/2025\/12\/WhatsApp-Image-2025-12-10-at-12.51.37-2-450x338.jpeg 450w, https:\/\/padulasacra.it\/wp-content\/uploads\/2025\/12\/WhatsApp-Image-2025-12-10-at-12.51.37-2-768x576.jpeg 768w, https:\/\/padulasacra.it\/wp-content\/uploads\/2025\/12\/WhatsApp-Image-2025-12-10-at-12.51.37-2-1536x1152.jpeg 1536w, https:\/\/padulasacra.it\/wp-content\/uploads\/2025\/12\/WhatsApp-Image-2025-12-10-at-12.51.37-2-600x450.jpeg 600w, https:\/\/padulasacra.it\/wp-content\/uploads\/2025\/12\/WhatsApp-Image-2025-12-10-at-12.51.37-2.jpeg 1600w\" sizes=\"(max-width: 1024px) 100vw, 1024px\" \/><\/p>\n<p><img loading=\"lazy\" decoding=\"async\" class=\"alignnone size-large wp-image-1563\" src=\"https:\/\/padulasacra.it\/wp-content\/uploads\/2025\/12\/WhatsApp-Image-2025-12-10-at-12.51.37-1-1024x768.jpeg\" alt=\"\" width=\"1024\" height=\"768\" srcset=\"https:\/\/padulasacra.it\/wp-content\/uploads\/2025\/12\/WhatsApp-Image-2025-12-10-at-12.51.37-1-1024x768.jpeg 1024w, https:\/\/padulasacra.it\/wp-content\/uploads\/2025\/12\/WhatsApp-Image-2025-12-10-at-12.51.37-1-450x338.jpeg 450w, https:\/\/padulasacra.it\/wp-content\/uploads\/2025\/12\/WhatsApp-Image-2025-12-10-at-12.51.37-1-768x576.jpeg 768w, https:\/\/padulasacra.it\/wp-content\/uploads\/2025\/12\/WhatsApp-Image-2025-12-10-at-12.51.37-1-1536x1152.jpeg 1536w, https:\/\/padulasacra.it\/wp-content\/uploads\/2025\/12\/WhatsApp-Image-2025-12-10-at-12.51.37-1-600x450.jpeg 600w, https:\/\/padulasacra.it\/wp-content\/uploads\/2025\/12\/WhatsApp-Image-2025-12-10-at-12.51.37-1.jpeg 1600w\" sizes=\"(max-width: 1024px) 100vw, 1024px\" \/><\/p>\n<p><img loading=\"lazy\" decoding=\"async\" class=\"alignnone size-large wp-image-1561\" src=\"https:\/\/padulasacra.it\/wp-content\/uploads\/2025\/12\/WhatsApp-Image-2025-12-10-at-12.51.36-1-1024x576.jpeg\" alt=\"\" width=\"1024\" height=\"576\" srcset=\"https:\/\/padulasacra.it\/wp-content\/uploads\/2025\/12\/WhatsApp-Image-2025-12-10-at-12.51.36-1-1024x576.jpeg 1024w, https:\/\/padulasacra.it\/wp-content\/uploads\/2025\/12\/WhatsApp-Image-2025-12-10-at-12.51.36-1-450x253.jpeg 450w, https:\/\/padulasacra.it\/wp-content\/uploads\/2025\/12\/WhatsApp-Image-2025-12-10-at-12.51.36-1-768x432.jpeg 768w, https:\/\/padulasacra.it\/wp-content\/uploads\/2025\/12\/WhatsApp-Image-2025-12-10-at-12.51.36-1-1536x864.jpeg 1536w, https:\/\/padulasacra.it\/wp-content\/uploads\/2025\/12\/WhatsApp-Image-2025-12-10-at-12.51.36-1-600x338.jpeg 600w, https:\/\/padulasacra.it\/wp-content\/uploads\/2025\/12\/WhatsApp-Image-2025-12-10-at-12.51.36-1.jpeg 1600w\" sizes=\"(max-width: 1024px) 100vw, 1024px\" \/><\/p>\n<h2>Numeri e prospettive<\/h2>\n<p>La prima edizione ha registrato numeri significativi: un sito UNESCO, sei Diocesi coinvolte, cinque istituzioni pubbliche, sette partner, trenta espositori supportati da 150 volontari, sei istituti scolastici, quaranta relatori, dieci conferenze, tre installazioni artistiche, due rievocazioni storiche, due percorsi musicali e migliaia di visitatori in cammino.<\/p>\n<p>ANIMA si \u00e8 affermata come laboratorio di &#8220;deep tourism&#8221;, un modello di viaggio che privilegia l&#8217;immersione nei significati, nelle relazioni e nelle storie delle comunit\u00e0 rispetto al consumo superficiale dei luoghi. L&#8217;evento ha dimostrato come il turismo religioso, se fondato su bellezza, autenticit\u00e0 e comunit\u00e0, possa essere un efficace strumento di rigenerazione culturale, sociale ed economica.<\/p>\n<h2>Il futuro di ANIMA<\/h2>\n<p>Il <strong>consigliere provinciale con delega al Turismo, Pasquale Sorrentino<\/strong>, ha annunciato che la Certosa di Padula ospiter\u00e0 a <strong>maggio 2026<\/strong> un nuovo importante appuntamento: la <strong>Borsa del Turismo Religioso dei Cammini e dei Pellegrinaggi<\/strong>. Si tratter\u00e0 di un&#8217;occasione per aggiungere alla dimensione espositiva e narrativa anche quella commerciale, con incontri tra domanda e offerta, sempre in stretta collaborazione con le Diocesi.<\/p>","protected":false},"excerpt":{"rendered":"<p>La Certosa di San Lorenzo a Padula, patrimonio UNESCO nel cuore del Vallo di Diano, ha ospitato nei giorni 6 e 7 dicembre la prima edizione di ANIMA \u2013 Meeting del Turismo Religioso. L&#8217;iniziativa, promossa dalla Provincia di Salerno con il sostegno della Regione Campania e Scabec, si inserisce nel contesto del Giubileo 2025 &#8220;Pellegrini [&hellip;]<\/p>\n","protected":false},"author":1,"featured_media":1567,"comment_status":"closed","ping_status":"closed","sticky":false,"template":"","format":"standard","meta":{"_acf_changed":false,"footnotes":""},"categories":[1],"tags":[],"acf":[],"yoast_head":"<!-- This site is optimized with the Yoast SEO plugin v23.5 - https:\/\/yoast.com\/wordpress\/plugins\/seo\/ -->\n<title>Prima edizione di ANIMA - Meeting del Turismo Religioso - Padula Sacra<\/title>\n<meta name=\"description\" content=\"Per costruire una visione condivisa del turismo religioso come esperienza profonda e partecipata e relazioni autentiche tra territori\" \/>\n<meta name=\"robots\" content=\"index, follow, max-snippet:-1, max-image-preview:large, max-video-preview:-1\" \/>\n<link rel=\"canonical\" href=\"https:\/\/padulasacra.it\/it\/1559-prima-edizione-di-anima-meeting-del-turismo-religioso\/\" \/>\n<meta property=\"og:locale\" content=\"it_IT\" \/>\n<meta property=\"og:type\" content=\"article\" \/>\n<meta property=\"og:title\" content=\"Prima edizione di ANIMA - Meeting del Turismo Religioso - Padula Sacra\" \/>\n<meta property=\"og:description\" content=\"Per costruire una visione condivisa del turismo religioso come esperienza profonda e partecipata e relazioni autentiche tra territori\" \/>\n<meta property=\"og:url\" content=\"https:\/\/padulasacra.it\/it\/1559-prima-edizione-di-anima-meeting-del-turismo-religioso\/\" \/>\n<meta property=\"og:site_name\" content=\"Padula Sacra\" \/>\n<meta property=\"article:published_time\" content=\"2025-12-10T17:58:28+00:00\" \/>\n<meta property=\"og:image\" content=\"https:\/\/padulasacra.it\/wp-content\/uploads\/2025\/12\/Schermata-2025-12-10-alle-18.52.31.png\" \/>\n\t<meta property=\"og:image:width\" content=\"854\" \/>\n\t<meta property=\"og:image:height\" content=\"865\" \/>\n\t<meta property=\"og:image:type\" content=\"image\/png\" \/>\n<meta name=\"author\" content=\"padulasacra\" \/>\n<meta name=\"twitter:card\" content=\"summary_large_image\" \/>\n<meta name=\"twitter:label1\" content=\"Scritto da\" \/>\n\t<meta name=\"twitter:data1\" content=\"padulasacra\" \/>\n\t<meta name=\"twitter:label2\" content=\"Tempo di lettura stimato\" \/>\n\t<meta name=\"twitter:data2\" content=\"5 minuti\" \/>\n<script type=\"application\/ld+json\" class=\"yoast-schema-graph\">{\"@context\":\"https:\/\/schema.org\",\"@graph\":[{\"@type\":\"WebPage\",\"@id\":\"https:\/\/padulasacra.it\/it\/1559-prima-edizione-di-anima-meeting-del-turismo-religioso\/\",\"url\":\"https:\/\/padulasacra.it\/it\/1559-prima-edizione-di-anima-meeting-del-turismo-religioso\/\",\"name\":\"Prima edizione di ANIMA - Meeting del Turismo Religioso - Padula Sacra\",\"isPartOf\":{\"@id\":\"https:\/\/padulasacra.it\/it\/#website\"},\"primaryImageOfPage\":{\"@id\":\"https:\/\/padulasacra.it\/it\/1559-prima-edizione-di-anima-meeting-del-turismo-religioso\/#primaryimage\"},\"image\":{\"@id\":\"https:\/\/padulasacra.it\/it\/1559-prima-edizione-di-anima-meeting-del-turismo-religioso\/#primaryimage\"},\"thumbnailUrl\":\"https:\/\/padulasacra.it\/wp-content\/uploads\/2025\/12\/Schermata-2025-12-10-alle-18.52.31.png\",\"datePublished\":\"2025-12-10T17:58:28+00:00\",\"dateModified\":\"2025-12-10T17:58:28+00:00\",\"author\":{\"@id\":\"https:\/\/padulasacra.it\/it\/#\/schema\/person\/dbbe8cb7c9c730160ad394db02eda93e\"},\"description\":\"Per costruire una visione condivisa del turismo religioso come esperienza profonda e partecipata e relazioni autentiche tra territori\",\"breadcrumb\":{\"@id\":\"https:\/\/padulasacra.it\/it\/1559-prima-edizione-di-anima-meeting-del-turismo-religioso\/#breadcrumb\"},\"inLanguage\":\"it-IT\",\"potentialAction\":[{\"@type\":\"ReadAction\",\"target\":[[\"https:\/\/padulasacra.it\/it\/1559-prima-edizione-di-anima-meeting-del-turismo-religioso\/\"]]}]},{\"@type\":\"ImageObject\",\"inLanguage\":\"it-IT\",\"@id\":\"https:\/\/padulasacra.it\/it\/1559-prima-edizione-di-anima-meeting-del-turismo-religioso\/#primaryimage\",\"url\":\"https:\/\/padulasacra.it\/wp-content\/uploads\/2025\/12\/Schermata-2025-12-10-alle-18.52.31.png\",\"contentUrl\":\"https:\/\/padulasacra.it\/wp-content\/uploads\/2025\/12\/Schermata-2025-12-10-alle-18.52.31.png\",\"width\":854,\"height\":865},{\"@type\":\"BreadcrumbList\",\"@id\":\"https:\/\/padulasacra.it\/it\/1559-prima-edizione-di-anima-meeting-del-turismo-religioso\/#breadcrumb\",\"itemListElement\":[{\"@type\":\"ListItem\",\"position\":1,\"name\":\"Home\",\"item\":\"https:\/\/padulasacra.it\/it\/\"},{\"@type\":\"ListItem\",\"position\":2,\"name\":\"Prima edizione di ANIMA &#8211; Meeting del Turismo Religioso\"}]},{\"@type\":\"WebSite\",\"@id\":\"https:\/\/padulasacra.it\/it\/#website\",\"url\":\"https:\/\/padulasacra.it\/it\/\",\"name\":\"Padula Sacra\",\"description\":\"Le risorse ecclesiali di Padula, Salerno\",\"potentialAction\":[{\"@type\":\"SearchAction\",\"target\":{\"@type\":\"EntryPoint\",\"urlTemplate\":\"https:\/\/padulasacra.it\/it\/?s={search_term_string}\"},\"query-input\":{\"@type\":\"PropertyValueSpecification\",\"valueRequired\":true,\"valueName\":\"search_term_string\"}}],\"inLanguage\":\"it-IT\"},{\"@type\":\"Person\",\"@id\":\"https:\/\/padulasacra.it\/it\/#\/schema\/person\/dbbe8cb7c9c730160ad394db02eda93e\",\"name\":\"padulasacra\",\"image\":{\"@type\":\"ImageObject\",\"inLanguage\":\"it-IT\",\"@id\":\"https:\/\/padulasacra.it\/it\/#\/schema\/person\/image\/\",\"url\":\"https:\/\/secure.gravatar.com\/avatar\/860f8db4c42a12e074c73ef8b55216ea?s=96&d=mm&r=g\",\"contentUrl\":\"https:\/\/secure.gravatar.com\/avatar\/860f8db4c42a12e074c73ef8b55216ea?s=96&d=mm&r=g\",\"caption\":\"padulasacra\"},\"sameAs\":[\"https:\/\/padulasacra.insightcomunicazione.it\"],\"url\":\"https:\/\/padulasacra.it\/it\/author\/padulasacra\/\"}]}<\/script>\n<!-- \/ Yoast SEO plugin. -->","yoast_head_json":{"title":"Prima edizione di ANIMA - Meeting del Turismo Religioso - Padula Sacra","description":"Per costruire una visione condivisa del turismo religioso come esperienza profonda e partecipata e relazioni autentiche tra territori","robots":{"index":"index","follow":"follow","max-snippet":"max-snippet:-1","max-image-preview":"max-image-preview:large","max-video-preview":"max-video-preview:-1"},"canonical":"https:\/\/padulasacra.it\/it\/1559-prima-edizione-di-anima-meeting-del-turismo-religioso\/","og_locale":"it_IT","og_type":"article","og_title":"Prima edizione di ANIMA - Meeting del Turismo Religioso - Padula Sacra","og_description":"Per costruire una visione condivisa del turismo religioso come esperienza profonda e partecipata e relazioni autentiche tra territori","og_url":"https:\/\/padulasacra.it\/it\/1559-prima-edizione-di-anima-meeting-del-turismo-religioso\/","og_site_name":"Padula Sacra","article_published_time":"2025-12-10T17:58:28+00:00","og_image":[{"width":854,"height":865,"url":"https:\/\/padulasacra.it\/wp-content\/uploads\/2025\/12\/Schermata-2025-12-10-alle-18.52.31.png","type":"image\/png"}],"author":"padulasacra","twitter_card":"summary_large_image","twitter_misc":{"Scritto da":"padulasacra","Tempo di lettura stimato":"5 minuti"},"schema":{"@context":"https:\/\/schema.org","@graph":[{"@type":"WebPage","@id":"https:\/\/padulasacra.it\/it\/1559-prima-edizione-di-anima-meeting-del-turismo-religioso\/","url":"https:\/\/padulasacra.it\/it\/1559-prima-edizione-di-anima-meeting-del-turismo-religioso\/","name":"Prima edizione di ANIMA - Meeting del Turismo Religioso - Padula Sacra","isPartOf":{"@id":"https:\/\/padulasacra.it\/it\/#website"},"primaryImageOfPage":{"@id":"https:\/\/padulasacra.it\/it\/1559-prima-edizione-di-anima-meeting-del-turismo-religioso\/#primaryimage"},"image":{"@id":"https:\/\/padulasacra.it\/it\/1559-prima-edizione-di-anima-meeting-del-turismo-religioso\/#primaryimage"},"thumbnailUrl":"https:\/\/padulasacra.it\/wp-content\/uploads\/2025\/12\/Schermata-2025-12-10-alle-18.52.31.png","datePublished":"2025-12-10T17:58:28+00:00","dateModified":"2025-12-10T17:58:28+00:00","author":{"@id":"https:\/\/padulasacra.it\/it\/#\/schema\/person\/dbbe8cb7c9c730160ad394db02eda93e"},"description":"Per costruire una visione condivisa del turismo religioso come esperienza profonda e partecipata e relazioni autentiche tra territori","breadcrumb":{"@id":"https:\/\/padulasacra.it\/it\/1559-prima-edizione-di-anima-meeting-del-turismo-religioso\/#breadcrumb"},"inLanguage":"it-IT","potentialAction":[{"@type":"ReadAction","target":[["https:\/\/padulasacra.it\/it\/1559-prima-edizione-di-anima-meeting-del-turismo-religioso\/"]]}]},{"@type":"ImageObject","inLanguage":"it-IT","@id":"https:\/\/padulasacra.it\/it\/1559-prima-edizione-di-anima-meeting-del-turismo-religioso\/#primaryimage","url":"https:\/\/padulasacra.it\/wp-content\/uploads\/2025\/12\/Schermata-2025-12-10-alle-18.52.31.png","contentUrl":"https:\/\/padulasacra.it\/wp-content\/uploads\/2025\/12\/Schermata-2025-12-10-alle-18.52.31.png","width":854,"height":865},{"@type":"BreadcrumbList","@id":"https:\/\/padulasacra.it\/it\/1559-prima-edizione-di-anima-meeting-del-turismo-religioso\/#breadcrumb","itemListElement":[{"@type":"ListItem","position":1,"name":"Home","item":"https:\/\/padulasacra.it\/it\/"},{"@type":"ListItem","position":2,"name":"Prima edizione di ANIMA &#8211; Meeting del Turismo Religioso"}]},{"@type":"WebSite","@id":"https:\/\/padulasacra.it\/it\/#website","url":"https:\/\/padulasacra.it\/it\/","name":"Padula Sacra","description":"Le risorse ecclesiali di Padula, Salerno","potentialAction":[{"@type":"SearchAction","target":{"@type":"EntryPoint","urlTemplate":"https:\/\/padulasacra.it\/it\/?s={search_term_string}"},"query-input":{"@type":"PropertyValueSpecification","valueRequired":true,"valueName":"search_term_string"}}],"inLanguage":"it-IT"},{"@type":"Person","@id":"https:\/\/padulasacra.it\/it\/#\/schema\/person\/dbbe8cb7c9c730160ad394db02eda93e","name":"padulasacra","image":{"@type":"ImageObject","inLanguage":"it-IT","@id":"https:\/\/padulasacra.it\/it\/#\/schema\/person\/image\/","url":"https:\/\/secure.gravatar.com\/avatar\/860f8db4c42a12e074c73ef8b55216ea?s=96&d=mm&r=g","contentUrl":"https:\/\/secure.gravatar.com\/avatar\/860f8db4c42a12e074c73ef8b55216ea?s=96&d=mm&r=g","caption":"padulasacra"},"sameAs":["https:\/\/padulasacra.insightcomunicazione.it"],"url":"https:\/\/padulasacra.it\/it\/author\/padulasacra\/"}]}},"_links":{"self":[{"href":"https:\/\/padulasacra.it\/it\/wp-json\/wp\/v2\/posts\/1559"}],"collection":[{"href":"https:\/\/padulasacra.it\/it\/wp-json\/wp\/v2\/posts"}],"about":[{"href":"https:\/\/padulasacra.it\/it\/wp-json\/wp\/v2\/types\/post"}],"author":[{"embeddable":true,"href":"https:\/\/padulasacra.it\/it\/wp-json\/wp\/v2\/users\/1"}],"replies":[{"embeddable":true,"href":"https:\/\/padulasacra.it\/it\/wp-json\/wp\/v2\/comments?post=1559"}],"version-history":[{"count":4,"href":"https:\/\/padulasacra.it\/it\/wp-json\/wp\/v2\/posts\/1559\/revisions"}],"predecessor-version":[{"id":1570,"href":"https:\/\/padulasacra.it\/it\/wp-json\/wp\/v2\/posts\/1559\/revisions\/1570"}],"wp:featuredmedia":[{"embeddable":true,"href":"https:\/\/padulasacra.it\/it\/wp-json\/wp\/v2\/media\/1567"}],"wp:attachment":[{"href":"https:\/\/padulasacra.it\/it\/wp-json\/wp\/v2\/media?parent=1559"}],"wp:term":[{"taxonomy":"category","embeddable":true,"href":"https:\/\/padulasacra.it\/it\/wp-json\/wp\/v2\/categories?post=1559"},{"taxonomy":"post_tag","embeddable":true,"href":"https:\/\/padulasacra.it\/it\/wp-json\/wp\/v2\/tags?post=1559"}],"curies":[{"name":"wp","href":"https:\/\/api.w.org\/{rel}","templated":true}]}}