{"id":1462,"date":"2025-03-10T10:08:38","date_gmt":"2025-03-10T09:08:38","guid":{"rendered":"https:\/\/padulasacra.it\/it\/?p=1462"},"modified":"2025-03-10T15:23:03","modified_gmt":"2025-03-10T14:23:03","slug":"riapertura-eremo-san-michele-a-le-grottelle","status":"publish","type":"post","link":"https:\/\/padulasacra.it\/it\/1462-riapertura-eremo-san-michele-a-le-grottelle\/","title":{"rendered":"Riapertura Eremo San Michele a Le Grottelle"},"content":{"rendered":"<p>\u00c8 prevista per <strong>venerd\u00ec 21 marzo 2025<\/strong> la riapertura dell&#8217;<a href=\"https:\/\/padulasacra.it\/it\/luoghi\/eremo-di-san-michele-alle-grottelle\/\"><strong>Eremo di San Michele a Le Grottelle di Padula<\/strong><\/a>, dopo la chiusura del periodo invernale.<\/p>\n<p>Dopo il progetto di ristrutturazione del santuario rupestre che ha restituito alla comunit\u00e0 questo luogo di grande importanza storica e religiosa, inserendolo tra i beni culturali di rilievo presenti nel <strong>Vallo di Diano<\/strong>, abbiamo attivato collaborazioni importanti e ricevuto visite illustri che sottolineano il valore di quanto fatto fino a questo momento e fanno emergere ancora pi\u00f9 forte la necessit\u00e0 che luoghi come l&#8217;Eremo di San Michele a Le Grottelle siano sempre pi\u00f9 conosciuti, connessi con il territorio e la comunit\u00e0 religiosa.<\/p>\n\n    <div class=\"col-12 text-center my-5\">\n        <h2>Prenota una visita<\/h2>\n        <a class=\"bottone text-white mt-2\" href=\"#\" data-book-start>prenota<\/a>\n    <\/div>\n    \n<p>Riascoltiamo a tale proposito le parole di <strong>Don Dario Vitali<\/strong>, Presbitero Diocesi Velletri-Segni, Teologo e docente ecclesiologia PUG e Teologo coordinatore Sinodo della Chiesa Cattolica che esprimono in maniera lucida la necessit\u00e0 di investire nel nostro territorio e di custodire la nostra eredit\u00e0 di tradizioni, per ricostruire le comunit\u00e0 intorno ai nostri Valori.<\/p>\n<p>&nbsp;<\/p>\n<div style=\"width: 848px;\" class=\"wp-video\"><!--[if lt IE 9]><script>document.createElement('video');<\/script><![endif]-->\n<video class=\"wp-video-shortcode\" id=\"video-1462-1\" width=\"848\" height=\"478\" preload=\"metadata\" controls=\"controls\"><source type=\"video\/mp4\" src=\"https:\/\/padulasacra.it\/wp-content\/uploads\/2025\/03\/Don-Dario-Vitali-marzo-2025_1.mp4?_=1\" \/><a href=\"https:\/\/padulasacra.it\/wp-content\/uploads\/2025\/03\/Don-Dario-Vitali-marzo-2025_1.mp4\">https:\/\/padulasacra.it\/wp-content\/uploads\/2025\/03\/Don-Dario-Vitali-marzo-2025_1.mp4<\/a><\/video><\/div>\n<p>&nbsp;<\/p>\n<p>Condividiamo il recente intervento della <strong>dott.ssa Caterina Ciccarelli del CAI Salerno<\/strong> che, in un sopralluogo all&#8217;Eremo, sottolinea la rilevanza delle ricchezze del territorio e la necessit\u00e0 di valorizzarle.<\/p>\n<div style=\"width: 478px;\" class=\"wp-video\"><video class=\"wp-video-shortcode\" id=\"video-1462-2\" width=\"478\" height=\"850\" preload=\"metadata\" controls=\"controls\"><source type=\"video\/mp4\" src=\"https:\/\/padulasacra.it\/wp-content\/uploads\/2025\/03\/CaterinaCicarelli-CAI-Salerno.mp4?_=2\" \/><a href=\"https:\/\/padulasacra.it\/wp-content\/uploads\/2025\/03\/CaterinaCicarelli-CAI-Salerno.mp4\">https:\/\/padulasacra.it\/wp-content\/uploads\/2025\/03\/CaterinaCicarelli-CAI-Salerno.mp4<\/a><\/video><\/div>\n<p>&nbsp;<\/p>\n<p>Recentemente l&#8217;Eremo di San Michele a Le Grottelle \u00e8 stato oggetto di un lavoro di ricerca e approfondimento a cura della <strong>dott.ssa Eleonora Chinappi<\/strong>\u00a0e pubblicato nell\u2019edizione dicembre 2024 di\u00a0<em><strong>Venezia Arti<\/strong><\/em>, la rivista di storia delle arti del Dipartimento di Filosofia e Beni Culturali dell\u2019<strong>Universit\u00e0 Ca\u2019 Foscari Venezia<\/strong>. Consulta la rivista <a href=\"https:\/\/padulasacra.it\/it\/1442-le-grottelle-su-venezia-arti-universita-ca-foscari\/\">qui<\/a>.<\/p>\n<p><img loading=\"lazy\" decoding=\"async\" class=\"alignnone size-full wp-image-1449\" src=\"https:\/\/padulasacra.it\/wp-content\/uploads\/2025\/02\/leGrottelle_dettaglio_incoronazioneVergine.jpg\" alt=\"\" width=\"800\" height=\"800\" srcset=\"https:\/\/padulasacra.it\/wp-content\/uploads\/2025\/02\/leGrottelle_dettaglio_incoronazioneVergine.jpg 800w, https:\/\/padulasacra.it\/wp-content\/uploads\/2025\/02\/leGrottelle_dettaglio_incoronazioneVergine-450x450.jpg 450w, https:\/\/padulasacra.it\/wp-content\/uploads\/2025\/02\/leGrottelle_dettaglio_incoronazioneVergine-250x250.jpg 250w, https:\/\/padulasacra.it\/wp-content\/uploads\/2025\/02\/leGrottelle_dettaglio_incoronazioneVergine-768x768.jpg 768w, https:\/\/padulasacra.it\/wp-content\/uploads\/2025\/02\/leGrottelle_dettaglio_incoronazioneVergine-600x600.jpg 600w\" sizes=\"(max-width: 800px) 100vw, 800px\" \/><\/p>\n<p>&nbsp;<\/p>\n<h1><a href=\"https:\/\/padulasacra.it\/it\/itinerario_sentiero_sanmichele_grottelle\/\"><strong>Scopri il Sentiero di San Michele alle Grottelle e prenota la tua visita!<\/strong><\/a><\/h1>\n<p><\/p>","protected":false},"excerpt":{"rendered":"<p>\u00c8 prevista per venerd\u00ec 21 marzo 2025 la riapertura dell&#8217;Eremo di San Michele a Le Grottelle di Padula, dopo la chiusura del periodo invernale. Dopo il progetto di ristrutturazione del santuario rupestre che ha restituito alla comunit\u00e0 questo luogo di grande importanza storica e religiosa, inserendolo tra i beni culturali di rilievo presenti nel Vallo [&hellip;]<\/p>\n","protected":false},"author":1,"featured_media":1472,"comment_status":"closed","ping_status":"closed","sticky":false,"template":"","format":"standard","meta":{"_acf_changed":false,"footnotes":""},"categories":[1],"tags":[],"acf":[],"yoast_head":"<!-- This site is optimized with the Yoast SEO plugin v23.5 - https:\/\/yoast.com\/wordpress\/plugins\/seo\/ -->\n<title>Riapertura Eremo San Michele a Le Grottelle - Padula Sacra<\/title>\n<meta name=\"robots\" content=\"index, follow, max-snippet:-1, max-image-preview:large, max-video-preview:-1\" \/>\n<link rel=\"canonical\" href=\"https:\/\/padulasacra.it\/it\/1462-riapertura-eremo-san-michele-a-le-grottelle\/\" \/>\n<meta property=\"og:locale\" content=\"it_IT\" \/>\n<meta property=\"og:type\" content=\"article\" \/>\n<meta property=\"og:title\" content=\"Riapertura Eremo San Michele a Le Grottelle - Padula Sacra\" \/>\n<meta property=\"og:description\" content=\"\u00c8 prevista per venerd\u00ec 21 marzo 2025 la riapertura dell&#8217;Eremo di San Michele a Le Grottelle di Padula, dopo la chiusura del periodo invernale. Dopo il progetto di ristrutturazione del santuario rupestre che ha restituito alla comunit\u00e0 questo luogo di grande importanza storica e religiosa, inserendolo tra i beni culturali di rilievo presenti nel Vallo [&hellip;]\" \/>\n<meta property=\"og:url\" content=\"https:\/\/padulasacra.it\/it\/1462-riapertura-eremo-san-michele-a-le-grottelle\/\" \/>\n<meta property=\"og:site_name\" content=\"Padula Sacra\" \/>\n<meta property=\"article:published_time\" content=\"2025-03-10T09:08:38+00:00\" \/>\n<meta property=\"article:modified_time\" content=\"2025-03-10T14:23:03+00:00\" \/>\n<meta property=\"og:image\" content=\"https:\/\/padulasacra.it\/wp-content\/uploads\/2025\/03\/eremo_san_michele_a_le_gorttelle_padula.png\" \/>\n\t<meta property=\"og:image:width\" content=\"778\" \/>\n\t<meta property=\"og:image:height\" content=\"778\" \/>\n\t<meta property=\"og:image:type\" content=\"image\/png\" \/>\n<meta name=\"author\" content=\"padulasacra\" \/>\n<meta name=\"twitter:card\" content=\"summary_large_image\" \/>\n<meta name=\"twitter:label1\" content=\"Scritto da\" \/>\n\t<meta name=\"twitter:data1\" content=\"padulasacra\" \/>\n\t<meta name=\"twitter:label2\" content=\"Tempo di lettura stimato\" \/>\n\t<meta name=\"twitter:data2\" content=\"2 minuti\" \/>\n<script type=\"application\/ld+json\" class=\"yoast-schema-graph\">{\"@context\":\"https:\/\/schema.org\",\"@graph\":[{\"@type\":\"WebPage\",\"@id\":\"https:\/\/padulasacra.it\/it\/1462-riapertura-eremo-san-michele-a-le-grottelle\/\",\"url\":\"https:\/\/padulasacra.it\/it\/1462-riapertura-eremo-san-michele-a-le-grottelle\/\",\"name\":\"Riapertura Eremo San Michele a Le Grottelle - Padula Sacra\",\"isPartOf\":{\"@id\":\"https:\/\/padulasacra.it\/it\/#website\"},\"primaryImageOfPage\":{\"@id\":\"https:\/\/padulasacra.it\/it\/1462-riapertura-eremo-san-michele-a-le-grottelle\/#primaryimage\"},\"image\":{\"@id\":\"https:\/\/padulasacra.it\/it\/1462-riapertura-eremo-san-michele-a-le-grottelle\/#primaryimage\"},\"thumbnailUrl\":\"https:\/\/padulasacra.it\/wp-content\/uploads\/2025\/03\/eremo_san_michele_a_le_gorttelle_padula.png\",\"datePublished\":\"2025-03-10T09:08:38+00:00\",\"dateModified\":\"2025-03-10T14:23:03+00:00\",\"author\":{\"@id\":\"https:\/\/padulasacra.it\/it\/#\/schema\/person\/dbbe8cb7c9c730160ad394db02eda93e\"},\"breadcrumb\":{\"@id\":\"https:\/\/padulasacra.it\/it\/1462-riapertura-eremo-san-michele-a-le-grottelle\/#breadcrumb\"},\"inLanguage\":\"it-IT\",\"potentialAction\":[{\"@type\":\"ReadAction\",\"target\":[[\"https:\/\/padulasacra.it\/it\/1462-riapertura-eremo-san-michele-a-le-grottelle\/\"]]}]},{\"@type\":\"ImageObject\",\"inLanguage\":\"it-IT\",\"@id\":\"https:\/\/padulasacra.it\/it\/1462-riapertura-eremo-san-michele-a-le-grottelle\/#primaryimage\",\"url\":\"https:\/\/padulasacra.it\/wp-content\/uploads\/2025\/03\/eremo_san_michele_a_le_gorttelle_padula.png\",\"contentUrl\":\"https:\/\/padulasacra.it\/wp-content\/uploads\/2025\/03\/eremo_san_michele_a_le_gorttelle_padula.png\",\"width\":778,\"height\":778},{\"@type\":\"BreadcrumbList\",\"@id\":\"https:\/\/padulasacra.it\/it\/1462-riapertura-eremo-san-michele-a-le-grottelle\/#breadcrumb\",\"itemListElement\":[{\"@type\":\"ListItem\",\"position\":1,\"name\":\"Home\",\"item\":\"https:\/\/padulasacra.it\/it\/\"},{\"@type\":\"ListItem\",\"position\":2,\"name\":\"Riapertura Eremo San Michele a Le Grottelle\"}]},{\"@type\":\"WebSite\",\"@id\":\"https:\/\/padulasacra.it\/it\/#website\",\"url\":\"https:\/\/padulasacra.it\/it\/\",\"name\":\"Padula Sacra\",\"description\":\"Le risorse ecclesiali di Padula, Salerno\",\"potentialAction\":[{\"@type\":\"SearchAction\",\"target\":{\"@type\":\"EntryPoint\",\"urlTemplate\":\"https:\/\/padulasacra.it\/it\/?s={search_term_string}\"},\"query-input\":{\"@type\":\"PropertyValueSpecification\",\"valueRequired\":true,\"valueName\":\"search_term_string\"}}],\"inLanguage\":\"it-IT\"},{\"@type\":\"Person\",\"@id\":\"https:\/\/padulasacra.it\/it\/#\/schema\/person\/dbbe8cb7c9c730160ad394db02eda93e\",\"name\":\"padulasacra\",\"image\":{\"@type\":\"ImageObject\",\"inLanguage\":\"it-IT\",\"@id\":\"https:\/\/padulasacra.it\/it\/#\/schema\/person\/image\/\",\"url\":\"https:\/\/secure.gravatar.com\/avatar\/860f8db4c42a12e074c73ef8b55216ea?s=96&d=mm&r=g\",\"contentUrl\":\"https:\/\/secure.gravatar.com\/avatar\/860f8db4c42a12e074c73ef8b55216ea?s=96&d=mm&r=g\",\"caption\":\"padulasacra\"},\"sameAs\":[\"https:\/\/padulasacra.insightcomunicazione.it\"],\"url\":\"https:\/\/padulasacra.it\/it\/author\/padulasacra\/\"}]}<\/script>\n<!-- \/ Yoast SEO plugin. -->","yoast_head_json":{"title":"Riapertura Eremo San Michele a Le Grottelle - Padula Sacra","robots":{"index":"index","follow":"follow","max-snippet":"max-snippet:-1","max-image-preview":"max-image-preview:large","max-video-preview":"max-video-preview:-1"},"canonical":"https:\/\/padulasacra.it\/it\/1462-riapertura-eremo-san-michele-a-le-grottelle\/","og_locale":"it_IT","og_type":"article","og_title":"Riapertura Eremo San Michele a Le Grottelle - Padula Sacra","og_description":"\u00c8 prevista per venerd\u00ec 21 marzo 2025 la riapertura dell&#8217;Eremo di San Michele a Le Grottelle di Padula, dopo la chiusura del periodo invernale. Dopo il progetto di ristrutturazione del santuario rupestre che ha restituito alla comunit\u00e0 questo luogo di grande importanza storica e religiosa, inserendolo tra i beni culturali di rilievo presenti nel Vallo [&hellip;]","og_url":"https:\/\/padulasacra.it\/it\/1462-riapertura-eremo-san-michele-a-le-grottelle\/","og_site_name":"Padula Sacra","article_published_time":"2025-03-10T09:08:38+00:00","article_modified_time":"2025-03-10T14:23:03+00:00","og_image":[{"width":778,"height":778,"url":"https:\/\/padulasacra.it\/wp-content\/uploads\/2025\/03\/eremo_san_michele_a_le_gorttelle_padula.png","type":"image\/png"}],"author":"padulasacra","twitter_card":"summary_large_image","twitter_misc":{"Scritto da":"padulasacra","Tempo di lettura stimato":"2 minuti"},"schema":{"@context":"https:\/\/schema.org","@graph":[{"@type":"WebPage","@id":"https:\/\/padulasacra.it\/it\/1462-riapertura-eremo-san-michele-a-le-grottelle\/","url":"https:\/\/padulasacra.it\/it\/1462-riapertura-eremo-san-michele-a-le-grottelle\/","name":"Riapertura Eremo San Michele a Le Grottelle - Padula Sacra","isPartOf":{"@id":"https:\/\/padulasacra.it\/it\/#website"},"primaryImageOfPage":{"@id":"https:\/\/padulasacra.it\/it\/1462-riapertura-eremo-san-michele-a-le-grottelle\/#primaryimage"},"image":{"@id":"https:\/\/padulasacra.it\/it\/1462-riapertura-eremo-san-michele-a-le-grottelle\/#primaryimage"},"thumbnailUrl":"https:\/\/padulasacra.it\/wp-content\/uploads\/2025\/03\/eremo_san_michele_a_le_gorttelle_padula.png","datePublished":"2025-03-10T09:08:38+00:00","dateModified":"2025-03-10T14:23:03+00:00","author":{"@id":"https:\/\/padulasacra.it\/it\/#\/schema\/person\/dbbe8cb7c9c730160ad394db02eda93e"},"breadcrumb":{"@id":"https:\/\/padulasacra.it\/it\/1462-riapertura-eremo-san-michele-a-le-grottelle\/#breadcrumb"},"inLanguage":"it-IT","potentialAction":[{"@type":"ReadAction","target":[["https:\/\/padulasacra.it\/it\/1462-riapertura-eremo-san-michele-a-le-grottelle\/"]]}]},{"@type":"ImageObject","inLanguage":"it-IT","@id":"https:\/\/padulasacra.it\/it\/1462-riapertura-eremo-san-michele-a-le-grottelle\/#primaryimage","url":"https:\/\/padulasacra.it\/wp-content\/uploads\/2025\/03\/eremo_san_michele_a_le_gorttelle_padula.png","contentUrl":"https:\/\/padulasacra.it\/wp-content\/uploads\/2025\/03\/eremo_san_michele_a_le_gorttelle_padula.png","width":778,"height":778},{"@type":"BreadcrumbList","@id":"https:\/\/padulasacra.it\/it\/1462-riapertura-eremo-san-michele-a-le-grottelle\/#breadcrumb","itemListElement":[{"@type":"ListItem","position":1,"name":"Home","item":"https:\/\/padulasacra.it\/it\/"},{"@type":"ListItem","position":2,"name":"Riapertura Eremo San Michele a Le Grottelle"}]},{"@type":"WebSite","@id":"https:\/\/padulasacra.it\/it\/#website","url":"https:\/\/padulasacra.it\/it\/","name":"Padula Sacra","description":"Le risorse ecclesiali di Padula, Salerno","potentialAction":[{"@type":"SearchAction","target":{"@type":"EntryPoint","urlTemplate":"https:\/\/padulasacra.it\/it\/?s={search_term_string}"},"query-input":{"@type":"PropertyValueSpecification","valueRequired":true,"valueName":"search_term_string"}}],"inLanguage":"it-IT"},{"@type":"Person","@id":"https:\/\/padulasacra.it\/it\/#\/schema\/person\/dbbe8cb7c9c730160ad394db02eda93e","name":"padulasacra","image":{"@type":"ImageObject","inLanguage":"it-IT","@id":"https:\/\/padulasacra.it\/it\/#\/schema\/person\/image\/","url":"https:\/\/secure.gravatar.com\/avatar\/860f8db4c42a12e074c73ef8b55216ea?s=96&d=mm&r=g","contentUrl":"https:\/\/secure.gravatar.com\/avatar\/860f8db4c42a12e074c73ef8b55216ea?s=96&d=mm&r=g","caption":"padulasacra"},"sameAs":["https:\/\/padulasacra.insightcomunicazione.it"],"url":"https:\/\/padulasacra.it\/it\/author\/padulasacra\/"}]}},"_links":{"self":[{"href":"https:\/\/padulasacra.it\/it\/wp-json\/wp\/v2\/posts\/1462"}],"collection":[{"href":"https:\/\/padulasacra.it\/it\/wp-json\/wp\/v2\/posts"}],"about":[{"href":"https:\/\/padulasacra.it\/it\/wp-json\/wp\/v2\/types\/post"}],"author":[{"embeddable":true,"href":"https:\/\/padulasacra.it\/it\/wp-json\/wp\/v2\/users\/1"}],"replies":[{"embeddable":true,"href":"https:\/\/padulasacra.it\/it\/wp-json\/wp\/v2\/comments?post=1462"}],"version-history":[{"count":12,"href":"https:\/\/padulasacra.it\/it\/wp-json\/wp\/v2\/posts\/1462\/revisions"}],"predecessor-version":[{"id":1479,"href":"https:\/\/padulasacra.it\/it\/wp-json\/wp\/v2\/posts\/1462\/revisions\/1479"}],"wp:featuredmedia":[{"embeddable":true,"href":"https:\/\/padulasacra.it\/it\/wp-json\/wp\/v2\/media\/1472"}],"wp:attachment":[{"href":"https:\/\/padulasacra.it\/it\/wp-json\/wp\/v2\/media?parent=1462"}],"wp:term":[{"taxonomy":"category","embeddable":true,"href":"https:\/\/padulasacra.it\/it\/wp-json\/wp\/v2\/categories?post=1462"},{"taxonomy":"post_tag","embeddable":true,"href":"https:\/\/padulasacra.it\/it\/wp-json\/wp\/v2\/tags?post=1462"}],"curies":[{"name":"wp","href":"https:\/\/api.w.org\/{rel}","templated":true}]}}